{"id":10479,"date":"2019-02-10T08:00:00","date_gmt":"2019-02-10T07:00:00","guid":{"rendered":"https:\/\/pyssel.kratos.se\/?p=10479"},"modified":"2019-02-03T13:08:00","modified_gmt":"2019-02-03T12:08:00","slug":"sthlms-promenad-layout-15-2019","status":"publish","type":"post","link":"https:\/\/pyssel.kratos.se\/?p=10479","title":{"rendered":"Sthlms promenad Layout #15 -2019"},"content":{"rendered":"<p>H\u00e4r kommer en layout med \u00e4ldre redan framkallade foton.   <br \/>Det \u00e4r i fr\u00e5n en promenad l\u00e4ngs s\u00f6der. Jag d\u00f6pte den \u00e4nd\u00e5 till Sthlms promenad.&#160; <\/p>\n<p>Bakgrundspappret valde jag f\u00f6r att f\u00e4rgerna i blommorna gick s\u00e5 bra ihop med taket p\u00e5 stadshuset. Den gula f\u00e4rgen p\u00e5 mattan kring fotona \u00e4r fr\u00e5n en julkollektion, men den passade s\u00e5 bra ihop med de gula husen p\u00e5 Riddarholmen.    <\/p>\n<p><a href=\"https:\/\/i0.wp.com\/pyssel.kratos.se\/wp-content\/uploads\/2019\/02\/Layout-sthlms-promenad.jpg?ssl=1\"><img data-recalc-dims=\"1\" loading=\"lazy\" decoding=\"async\" title=\"Layout sthlms promenad\" style=\"border-top: 0px; border-right: 0px; background-image: none; border-bottom: 0px; padding-top: 0px; padding-left: 0px; border-left: 0px; display: inline; padding-right: 0px\" border=\"0\" alt=\"Layout sthlms promenad\" src=\"https:\/\/i0.wp.com\/pyssel.kratos.se\/wp-content\/uploads\/2019\/02\/Layout-sthlms-promenad_thumb.jpg?resize=238%2C244&#038;ssl=1\" width=\"238\" height=\"244\" \/><\/a>    <\/p>\n<p>Jag l\u00e5ter bilderna prata f\u00f6r sig sj\u00e4lv s\u00e5 inga dekorationer denna g\u00e5ng.    <br \/>Jag tror att bakgrundspappret \u00e4r My Minds Eye.<\/p>\n","protected":false},"excerpt":{"rendered":"<p>H\u00e4r kommer en layout med \u00e4ldre redan framkallade foton. Det \u00e4r i fr\u00e5n en promenad l\u00e4ngs s\u00f6der. Jag d\u00f6pte den \u00e4nd\u00e5 till Sthlms promenad.&#160; Bakgrundspappret valde jag f\u00f6r att f\u00e4rgerna i blommorna gick s\u00e5 bra ihop med taket p\u00e5 stadshuset. Den gula f\u00e4rgen p\u00e5 mattan kring fotona \u00e4r fr\u00e5n en julkollektion, men den passade s\u00e5 [&hellip;]<\/p>\n","protected":false},"author":2,"featured_media":0,"comment_status":"open","ping_status":"open","sticky":false,"template":"","format":"standard","meta":{"jetpack_post_was_ever_published":false,"_jetpack_newsletter_access":"","_jetpack_dont_email_post_to_subs":false,"_jetpack_newsletter_tier_id":0,"_jetpack_memberships_contains_paywalled_content":false,"_jetpack_memberships_contains_paid_content":false,"footnotes":"","jetpack_publicize_message":"","jetpack_publicize_feature_enabled":true,"jetpack_social_post_already_shared":true,"jetpack_social_options":{"image_generator_settings":{"template":"highway","default_image_id":0,"font":"","enabled":false},"version":2}},"categories":[438],"tags":[105],"class_list":["post-10479","post","type-post","status-publish","format-standard","hentry","category-layout-2019","tag-my-minds-eye"],"jetpack_publicize_connections":[],"jetpack_featured_media_url":"","jetpack_sharing_enabled":true,"jetpack_shortlink":"https:\/\/wp.me\/p75b73-2J1","jetpack-related-posts":[],"_links":{"self":[{"href":"https:\/\/pyssel.kratos.se\/index.php?rest_route=\/wp\/v2\/posts\/10479","targetHints":{"allow":["GET"]}}],"collection":[{"href":"https:\/\/pyssel.kratos.se\/index.php?rest_route=\/wp\/v2\/posts"}],"about":[{"href":"https:\/\/pyssel.kratos.se\/index.php?rest_route=\/wp\/v2\/types\/post"}],"author":[{"embeddable":true,"href":"https:\/\/pyssel.kratos.se\/index.php?rest_route=\/wp\/v2\/users\/2"}],"replies":[{"embeddable":true,"href":"https:\/\/pyssel.kratos.se\/index.php?rest_route=%2Fwp%2Fv2%2Fcomments&post=10479"}],"version-history":[{"count":1,"href":"https:\/\/pyssel.kratos.se\/index.php?rest_route=\/wp\/v2\/posts\/10479\/revisions"}],"predecessor-version":[{"id":10480,"href":"https:\/\/pyssel.kratos.se\/index.php?rest_route=\/wp\/v2\/posts\/10479\/revisions\/10480"}],"wp:attachment":[{"href":"https:\/\/pyssel.kratos.se\/index.php?rest_route=%2Fwp%2Fv2%2Fmedia&parent=10479"}],"wp:term":[{"taxonomy":"category","embeddable":true,"href":"https:\/\/pyssel.kratos.se\/index.php?rest_route=%2Fwp%2Fv2%2Fcategories&post=10479"},{"taxonomy":"post_tag","embeddable":true,"href":"https:\/\/pyssel.kratos.se\/index.php?rest_route=%2Fwp%2Fv2%2Ftags&post=10479"}],"curies":[{"name":"wp","href":"https:\/\/api.w.org\/{rel}","templated":true}]}}