{"id":4812,"date":"2015-04-18T08:00:00","date_gmt":"2015-04-18T06:00:00","guid":{"rendered":"https:\/\/pyssel.kratos.se\/?p=4812"},"modified":"2015-04-09T08:02:02","modified_gmt":"2015-04-09T06:02:02","slug":"nr-89-sjrvarrock","status":"publish","type":"post","link":"https:\/\/pyssel.kratos.se\/?p=4812","title":{"rendered":"Nr 89 &ndash; Sj&ouml;r&ouml;varrock"},"content":{"rendered":"<p><font size=\"2\">F\u00f6r ganska precis tv\u00e5 \u00e5r sedan sydde jag, Jenny, <a href=\"http:\/\/pyssel.kratos.se\/?p=1132\">sj\u00f6r\u00f6varkl\u00e4der<\/a> till storebror inf\u00f6r en maskerad. Dessa har varit v\u00e4ldigt omtyckta och v\u00e4l anv\u00e4nda. Det \u00e4r roligt. Lillebror har p\u00e5 sistone ocks\u00e5 \u00f6nskat sig sj\u00f6r\u00f6varkl\u00e4der och f\u00f6r ett tag sen satt han och jag och tittade p\u00e5 bilder p\u00e5 lite olika varianter. Lite knepigt var det d\u00e5 inget riktigt f\u00f6ll honom i smaken men till sist s\u00e5 enades vi om en svart rock och r\u00f6da byxor.<\/font><\/p>\n<p><a href=\"https:\/\/i0.wp.com\/pyssel.kratos.se\/wp-content\/uploads\/2015\/03\/nr89_sjrvarrock.jpg\"><img data-recalc-dims=\"1\" loading=\"lazy\" decoding=\"async\" title=\"nr89_sj&ouml;r&ouml;varrock\" style=\"border-top: 0px; border-right: 0px; background-image: none; border-bottom: 0px; padding-top: 0px; padding-left: 0px; border-left: 0px; display: inline; padding-right: 0px\" border=\"0\" alt=\"nr89_sj&ouml;r&ouml;varrock\" src=\"https:\/\/i0.wp.com\/pyssel.kratos.se\/wp-content\/uploads\/2015\/03\/nr89_sjrvarrock_thumb.jpg?resize=244%2C244\" width=\"244\" height=\"244\"><\/a><\/p>\n<p><font size=\"2\">S\u00e5 h\u00e4r blev rocken. Jag har modifierat m\u00f6nstret jag anv\u00e4nt till <a href=\"http:\/\/pyssel.kratos.se\/?p=786\">pepparkaksdr\u00e4kten<\/a>, fast i stl 104, f\u00f6rl\u00e4ngt och lagt till slag p\u00e5 jackan samt en annan typ av krage. Som dekoration sydde jag tuber av paljettyg och vek till och sydde fast framtill och p\u00e5 \u00e4rmarna. Jag hade t\u00e4nkt att det skulle vara i gul velour (som jag f\u00e5tt av en tjej p\u00e5 syjuntan) men lillebror propsade p\u00e5 paljettyget ist\u00e4llet. Och det blev ju inte s\u00e5 dumt. Tanken var att det skulle sitta knappar p\u00e5 dekorationerna men jag har inte hunnit leta reda p\u00e5 n\u00e5gra och lillebror verkade n\u00f6jd \u00e4nd\u00e5.<\/font><\/p>\n<p><font size=\"2\">N\u00e4r rocken var klar gick han runt i den resten av dagen. Tar det som ett gott betyg \ud83d\ude42<\/font><\/p>\n<p><font size=\"2\">M\u00f6nster: Eget, stl 104<br \/>Tyg: Svart krossad velour<br \/>Bra: Kavajslagen och kragen<br \/>D\u00e5ligt: Klantade till det lite i nederkant. Men det syns inte s\u00e5 v\u00e4rst mycket.<\/font><\/p>\n<p><font size=\"2\">Byxorna kommer i ett annat inl\u00e4gg&#8230;<\/font><\/p>\n","protected":false},"excerpt":{"rendered":"<p>F\u00f6r ganska precis tv\u00e5 \u00e5r sedan sydde jag, Jenny, sj\u00f6r\u00f6varkl\u00e4der till storebror inf\u00f6r en maskerad. Dessa har varit v\u00e4ldigt omtyckta och v\u00e4l anv\u00e4nda. Det \u00e4r roligt. Lillebror har p\u00e5 sistone ocks\u00e5 \u00f6nskat sig sj\u00f6r\u00f6varkl\u00e4der och f\u00f6r ett tag sen satt han och jag och tittade p\u00e5 bilder p\u00e5 lite olika varianter. Lite knepigt var det [&hellip;]<\/p>\n","protected":false},"author":3,"featured_media":0,"comment_status":"open","ping_status":"open","sticky":false,"template":"","format":"standard","meta":{"jetpack_post_was_ever_published":false,"_jetpack_newsletter_access":"","_jetpack_dont_email_post_to_subs":false,"_jetpack_newsletter_tier_id":0,"_jetpack_memberships_contains_paywalled_content":false,"_jetpack_memberships_contains_paid_content":false,"footnotes":"","jetpack_publicize_message":"","jetpack_publicize_feature_enabled":true,"jetpack_social_post_already_shared":false,"jetpack_social_options":{"image_generator_settings":{"template":"highway","default_image_id":0,"font":"","enabled":false},"version":2}},"categories":[144,55,31],"tags":[],"class_list":["post-4812","post","type-post","status-publish","format-standard","hentry","category-100-alster-innan-shopping-2014-jenny","category-maskeradklader","category-somnad"],"jetpack_publicize_connections":[],"jetpack_featured_media_url":"","jetpack_sharing_enabled":true,"jetpack_shortlink":"https:\/\/wp.me\/p75b73-1fC","jetpack-related-posts":[],"_links":{"self":[{"href":"https:\/\/pyssel.kratos.se\/index.php?rest_route=\/wp\/v2\/posts\/4812","targetHints":{"allow":["GET"]}}],"collection":[{"href":"https:\/\/pyssel.kratos.se\/index.php?rest_route=\/wp\/v2\/posts"}],"about":[{"href":"https:\/\/pyssel.kratos.se\/index.php?rest_route=\/wp\/v2\/types\/post"}],"author":[{"embeddable":true,"href":"https:\/\/pyssel.kratos.se\/index.php?rest_route=\/wp\/v2\/users\/3"}],"replies":[{"embeddable":true,"href":"https:\/\/pyssel.kratos.se\/index.php?rest_route=%2Fwp%2Fv2%2Fcomments&post=4812"}],"version-history":[{"count":1,"href":"https:\/\/pyssel.kratos.se\/index.php?rest_route=\/wp\/v2\/posts\/4812\/revisions"}],"predecessor-version":[{"id":4813,"href":"https:\/\/pyssel.kratos.se\/index.php?rest_route=\/wp\/v2\/posts\/4812\/revisions\/4813"}],"wp:attachment":[{"href":"https:\/\/pyssel.kratos.se\/index.php?rest_route=%2Fwp%2Fv2%2Fmedia&parent=4812"}],"wp:term":[{"taxonomy":"category","embeddable":true,"href":"https:\/\/pyssel.kratos.se\/index.php?rest_route=%2Fwp%2Fv2%2Fcategories&post=4812"},{"taxonomy":"post_tag","embeddable":true,"href":"https:\/\/pyssel.kratos.se\/index.php?rest_route=%2Fwp%2Fv2%2Ftags&post=4812"}],"curies":[{"name":"wp","href":"https:\/\/api.w.org\/{rel}","templated":true}]}}