{"id":7433,"date":"2016-09-11T08:00:00","date_gmt":"2016-09-11T06:00:00","guid":{"rendered":"https:\/\/pyssel.kratos.se\/?p=7433"},"modified":"2016-08-28T16:24:55","modified_gmt":"2016-08-28T14:24:55","slug":"31-dagar-i-december-11-13","status":"publish","type":"post","link":"https:\/\/pyssel.kratos.se\/?p=7433","title":{"rendered":"31 dagar i december 11-13"},"content":{"rendered":"<p>Jag har faktiskt jobbat p\u00e5 med mitt 31 dagar i december album, men oj vad det \u00e4r sv\u00e5rt att minnas vad man gjort! Snart \u00e4r det december igen, jag vet inte om jag ska hoppa p\u00e5 att dokumentera denna december ocks\u00e5 eller om jag g\u00f6r en liten paus.   <\/p>\n<p>H\u00e4r kommer i alla fall 11 december som innebar lucaiafirande p\u00e5 mitt jobb.    <br \/><a href=\"https:\/\/i0.wp.com\/pyssel.kratos.se\/wp-content\/uploads\/2016\/08\/11-dec.jpg?ssl=1\"><img data-recalc-dims=\"1\" loading=\"lazy\" decoding=\"async\" title=\"11 dec\" style=\"border-top: 0px; border-right: 0px; background-image: none; border-bottom: 0px; padding-top: 0px; padding-left: 0px; border-left: 0px; display: inline; padding-right: 0px\" border=\"0\" alt=\"11 dec\" src=\"https:\/\/i0.wp.com\/pyssel.kratos.se\/wp-content\/uploads\/2016\/08\/11-dec_thumb.jpg?resize=207%2C244&#038;ssl=1\" width=\"207\" height=\"244\" \/><\/a>    <\/p>\n<p>12 december var vi p\u00e5 gl\u00f6ggmys och d\u00e4r f\u00e5ngades min bloggkollega jennys barn tittande p\u00e5 sin padda i sina pyamas. Den nedre bilden visar n\u00e4r vi var p\u00e5 julklappsshopping tidigare p\u00e5 dagen och s\u00e5g GW som signerade b\u00f6cker.    <br \/><a href=\"https:\/\/i0.wp.com\/pyssel.kratos.se\/wp-content\/uploads\/2016\/08\/12-dec.jpg?ssl=1\"><img data-recalc-dims=\"1\" loading=\"lazy\" decoding=\"async\" title=\"12 dec\" style=\"border-top: 0px; border-right: 0px; background-image: none; border-bottom: 0px; padding-top: 0px; padding-left: 0px; border-left: 0px; display: inline; padding-right: 0px\" border=\"0\" alt=\"12 dec\" src=\"https:\/\/i0.wp.com\/pyssel.kratos.se\/wp-content\/uploads\/2016\/08\/12-dec_thumb.jpg?resize=211%2C244&#038;ssl=1\" width=\"211\" height=\"244\" \/><\/a>    <\/p>\n<p>13 december, \u201criktiga luciadagen\u201d och klockan stog p\u00e5 7 f\u00f6r att se det hela p\u00e5 tv.    <br \/><a href=\"https:\/\/i0.wp.com\/pyssel.kratos.se\/wp-content\/uploads\/2016\/08\/13-dec.jpg?ssl=1\"><img data-recalc-dims=\"1\" loading=\"lazy\" decoding=\"async\" title=\"13 dec\" style=\"border-top: 0px; border-right: 0px; background-image: none; border-bottom: 0px; padding-top: 0px; padding-left: 0px; border-left: 0px; display: inline; padding-right: 0px\" border=\"0\" alt=\"13 dec\" src=\"https:\/\/i0.wp.com\/pyssel.kratos.se\/wp-content\/uploads\/2016\/08\/13-dec_thumb.jpg?resize=195%2C244&#038;ssl=1\" width=\"195\" height=\"244\" \/><\/a>    <br \/>Bakade pepparkakor till fikat och detta fr\u00e5n egen deg.<\/p>\n","protected":false},"excerpt":{"rendered":"<p>Jag har faktiskt jobbat p\u00e5 med mitt 31 dagar i december album, men oj vad det \u00e4r sv\u00e5rt att minnas vad man gjort! Snart \u00e4r det december igen, jag vet inte om jag ska hoppa p\u00e5 att dokumentera denna december ocks\u00e5 eller om jag g\u00f6r en liten paus. H\u00e4r kommer i alla fall 11 december [&hellip;]<\/p>\n","protected":false},"author":2,"featured_media":0,"comment_status":"open","ping_status":"open","sticky":false,"template":"","format":"standard","meta":{"jetpack_post_was_ever_published":false,"_jetpack_newsletter_access":"","_jetpack_dont_email_post_to_subs":false,"_jetpack_newsletter_tier_id":0,"_jetpack_memberships_contains_paywalled_content":false,"_jetpack_memberships_contains_paid_content":false,"footnotes":"","jetpack_publicize_message":"","jetpack_publicize_feature_enabled":true,"jetpack_social_post_already_shared":true,"jetpack_social_options":{"image_generator_settings":{"template":"highway","default_image_id":0,"font":"","enabled":false},"version":2}},"categories":[330],"tags":[175],"class_list":["post-7433","post","type-post","status-publish","format-standard","hentry","category-31-dagar-i-december-2015","tag-31-dagar-i-december"],"jetpack_publicize_connections":[],"jetpack_featured_media_url":"","jetpack_sharing_enabled":true,"jetpack_shortlink":"https:\/\/wp.me\/p75b73-1VT","jetpack-related-posts":[],"_links":{"self":[{"href":"https:\/\/pyssel.kratos.se\/index.php?rest_route=\/wp\/v2\/posts\/7433","targetHints":{"allow":["GET"]}}],"collection":[{"href":"https:\/\/pyssel.kratos.se\/index.php?rest_route=\/wp\/v2\/posts"}],"about":[{"href":"https:\/\/pyssel.kratos.se\/index.php?rest_route=\/wp\/v2\/types\/post"}],"author":[{"embeddable":true,"href":"https:\/\/pyssel.kratos.se\/index.php?rest_route=\/wp\/v2\/users\/2"}],"replies":[{"embeddable":true,"href":"https:\/\/pyssel.kratos.se\/index.php?rest_route=%2Fwp%2Fv2%2Fcomments&post=7433"}],"version-history":[{"count":1,"href":"https:\/\/pyssel.kratos.se\/index.php?rest_route=\/wp\/v2\/posts\/7433\/revisions"}],"predecessor-version":[{"id":7434,"href":"https:\/\/pyssel.kratos.se\/index.php?rest_route=\/wp\/v2\/posts\/7433\/revisions\/7434"}],"wp:attachment":[{"href":"https:\/\/pyssel.kratos.se\/index.php?rest_route=%2Fwp%2Fv2%2Fmedia&parent=7433"}],"wp:term":[{"taxonomy":"category","embeddable":true,"href":"https:\/\/pyssel.kratos.se\/index.php?rest_route=%2Fwp%2Fv2%2Fcategories&post=7433"},{"taxonomy":"post_tag","embeddable":true,"href":"https:\/\/pyssel.kratos.se\/index.php?rest_route=%2Fwp%2Fv2%2Ftags&post=7433"}],"curies":[{"name":"wp","href":"https:\/\/api.w.org\/{rel}","templated":true}]}}