{"id":8028,"date":"2017-01-19T08:00:00","date_gmt":"2017-01-19T07:00:00","guid":{"rendered":"https:\/\/pyssel.kratos.se\/?p=8028"},"modified":"2017-01-31T12:08:58","modified_gmt":"2017-01-31T11:08:58","slug":"klnning-och-kort","status":"publish","type":"post","link":"https:\/\/pyssel.kratos.se\/?p=8028","title":{"rendered":"Kl&auml;nning och kort"},"content":{"rendered":"<p>Jag, Jenny, n\u00e4mnde ju i <a href=\"https:\/\/pyssel.kratos.se\/?p=7882\">ny\u00e5rskr\u00f6nikan<\/a> att jag sytt en kl\u00e4nning som jag hade p\u00e5 ett br\u00f6llop jag och maken var p\u00e5 i h\u00f6stas. Och h\u00e4r kommer bilder p\u00e5 den.<\/p>\n<p><a href=\"https:\/\/i0.wp.com\/pyssel.kratos.se\/wp-content\/uploads\/2017\/01\/brllop_aug_2016_1-1.jpg?ssl=1\"><img data-recalc-dims=\"1\" loading=\"lazy\" decoding=\"async\" style=\"background-image: none; padding-top: 0px; padding-left: 0px; display: inline; padding-right: 0px; border: 0px;\" title=\"br\u00f6llop_aug_2016_1\" src=\"https:\/\/i0.wp.com\/pyssel.kratos.se\/wp-content\/uploads\/2017\/01\/brllop_aug_2016_1_thumb-1.jpg?resize=134%2C244&#038;ssl=1\" alt=\"br\u00f6llop_aug_2016_1\" width=\"134\" height=\"244\" border=\"0\" \/><\/a><\/p>\n<p>M\u00f6nstret \u00e4r fr\u00e5n en Allt om Handarbete (\u00e5rg\u00e5ng 2011) och tyget har jag haft sen jag gick i skolan tror jag&#8230;<\/p>\n<p><a href=\"https:\/\/i0.wp.com\/pyssel.kratos.se\/wp-content\/uploads\/2017\/01\/brllop_aug_2016_2-1.jpg?ssl=1\"><img data-recalc-dims=\"1\" loading=\"lazy\" decoding=\"async\" style=\"background-image: none; padding-top: 0px; padding-left: 0px; display: inline; padding-right: 0px; border: 0px;\" title=\"br\u00f6llop_aug_2016_2\" src=\"https:\/\/i0.wp.com\/pyssel.kratos.se\/wp-content\/uploads\/2017\/01\/brllop_aug_2016_2_thumb-1.jpg?resize=139%2C244&#038;ssl=1\" alt=\"br\u00f6llop_aug_2016_2\" width=\"139\" height=\"244\" border=\"0\" \/><\/a><\/p>\n<p>Jag kompletterade med satinbandet som plockade upp en av f\u00e4rgerna i m\u00f6nstret p\u00e5 tyget. Jag gjorde ocks\u00e5 en enkel sjal av chiffong i samma turkosa nyans men den har inte fastnat p\u00e5 bild.<\/p>\n<p><a href=\"https:\/\/i0.wp.com\/pyssel.kratos.se\/wp-content\/uploads\/2017\/01\/brllop_aug_20163-1.jpg?ssl=1\"><img data-recalc-dims=\"1\" loading=\"lazy\" decoding=\"async\" style=\"background-image: none; padding-top: 0px; padding-left: 0px; display: inline; padding-right: 0px; border: 0px;\" title=\"br\u00f6llop_aug_2016[3]\" src=\"https:\/\/i0.wp.com\/pyssel.kratos.se\/wp-content\/uploads\/2017\/01\/brllop_aug_20163_thumb-1.jpg?resize=244%2C164&#038;ssl=1\" alt=\"br\u00f6llop_aug_2016[3]\" width=\"244\" height=\"164\" border=\"0\" \/><\/a><\/p>\n<p>Brudparet hade avsagt sig g\u00e5vor men ett litet kort och bukett blommor fick de finna sig i att ta emot \u00e4nd\u00e5.<br \/>\nChampagneglasen \u00e4r m\u00e5lade p\u00e5 fri hand och lite slarvigt fyllda med en av mina distresspennor plus lite duttar med en pearl pen som ska symbolisera bubblorna i glasen. Mattorna med hj\u00e4rtan och craft-papper kommer ur det aldrig sinande f\u00f6rr\u00e5det av papper (k\u00e4nns det som) och allt limmat p\u00e5 en f\u00e4rdig kortbas.<\/p>\n","protected":false},"excerpt":{"rendered":"<p>Jag, Jenny, n\u00e4mnde ju i ny\u00e5rskr\u00f6nikan att jag sytt en kl\u00e4nning som jag hade p\u00e5 ett br\u00f6llop jag och maken var p\u00e5 i h\u00f6stas. Och h\u00e4r kommer bilder p\u00e5 den. M\u00f6nstret \u00e4r fr\u00e5n en Allt om Handarbete (\u00e5rg\u00e5ng 2011) och tyget har jag haft sen jag gick i skolan tror jag&#8230; Jag kompletterade med satinbandet [&hellip;]<\/p>\n","protected":false},"author":3,"featured_media":0,"comment_status":"open","ping_status":"open","sticky":false,"template":"","format":"standard","meta":{"jetpack_post_was_ever_published":false,"_jetpack_newsletter_access":"","_jetpack_dont_email_post_to_subs":true,"_jetpack_newsletter_tier_id":0,"_jetpack_memberships_contains_paywalled_content":false,"_jetpack_memberships_contains_paid_content":false,"footnotes":"","jetpack_publicize_message":"","jetpack_publicize_feature_enabled":true,"jetpack_social_post_already_shared":true,"jetpack_social_options":{"image_generator_settings":{"template":"highway","default_image_id":0,"font":"","enabled":false},"version":2}},"categories":[7,20,31],"tags":[169],"class_list":["post-8028","post","type-post","status-publish","format-standard","hentry","category-brollop-dop-valkommen-till-varlden","category-kort","category-somnad","tag-by-jenny"],"jetpack_publicize_connections":[],"jetpack_featured_media_url":"","jetpack_sharing_enabled":true,"jetpack_shortlink":"https:\/\/wp.me\/p75b73-25u","jetpack-related-posts":[],"_links":{"self":[{"href":"https:\/\/pyssel.kratos.se\/index.php?rest_route=\/wp\/v2\/posts\/8028","targetHints":{"allow":["GET"]}}],"collection":[{"href":"https:\/\/pyssel.kratos.se\/index.php?rest_route=\/wp\/v2\/posts"}],"about":[{"href":"https:\/\/pyssel.kratos.se\/index.php?rest_route=\/wp\/v2\/types\/post"}],"author":[{"embeddable":true,"href":"https:\/\/pyssel.kratos.se\/index.php?rest_route=\/wp\/v2\/users\/3"}],"replies":[{"embeddable":true,"href":"https:\/\/pyssel.kratos.se\/index.php?rest_route=%2Fwp%2Fv2%2Fcomments&post=8028"}],"version-history":[{"count":4,"href":"https:\/\/pyssel.kratos.se\/index.php?rest_route=\/wp\/v2\/posts\/8028\/revisions"}],"predecessor-version":[{"id":8086,"href":"https:\/\/pyssel.kratos.se\/index.php?rest_route=\/wp\/v2\/posts\/8028\/revisions\/8086"}],"wp:attachment":[{"href":"https:\/\/pyssel.kratos.se\/index.php?rest_route=%2Fwp%2Fv2%2Fmedia&parent=8028"}],"wp:term":[{"taxonomy":"category","embeddable":true,"href":"https:\/\/pyssel.kratos.se\/index.php?rest_route=%2Fwp%2Fv2%2Fcategories&post=8028"},{"taxonomy":"post_tag","embeddable":true,"href":"https:\/\/pyssel.kratos.se\/index.php?rest_route=%2Fwp%2Fv2%2Ftags&post=8028"}],"curies":[{"name":"wp","href":"https:\/\/api.w.org\/{rel}","templated":true}]}}